{"id":9744,"date":"2024-09-04T23:00:00","date_gmt":"2024-09-04T23:00:00","guid":{"rendered":"https:\/\/www.eckerle-gruppe.com\/?post_type=press&#038;p=9744"},"modified":"2024-09-17T13:43:48","modified_gmt":"2024-09-17T13:43:48","slug":"programul-schimb-de-experienta-pentru-studenti-eckerle","status":"publish","type":"press","link":"https:\/\/www.eckerle-gruppe.com\/ro\/press\/programul-schimb-de-experienta-pentru-studenti-eckerle\/","title":{"rendered":"Programul\u00a0 Schimb de experien\u021ba pentru studen\u021bi, Eckerle"},"content":{"rendered":"\n<p>Kisk\u0151r\u00f6s a g\u0103zduit \u00een acest an programul de schimb de experien\u021ba pentru studen\u021bi, organizat de colegiile maghiare \u0219i germane \u00een cadrul \u0219i prin implicarea grupului Eckerle. Acest program se desf\u0103\u0219oar\u0103 \u00een fiecare an, iar loca\u021bia variaz\u0103 de la o edi\u021bie la alta.<\/p>\n\n\n\n<p>\u00cen 2024, au participat patru studen\u021bi de la \u0218coala Profesional\u0103 German\u0103 din B\u00fchl care au sosit la Kisk\u0151r\u00f6s de la fabrica din Ottersweier \u00eenso\u021bi\u021bi de colegii no\u0219trii Reiner Sch\u00e4ffer \u0219i Nicolas Engelmeier, precum \u0219i trei studen\u021bi maghiari care urmeaz\u0103 un program universitar de educa\u021bie dual\u0103.<\/p>\n\n\n\n<p>Unul dintre punctele cheie ale programului de schimb de experien\u021b\u0103 a fost realizarea unui proiect propus de liderul echipei din Ottersweier, Reiner Sch\u00e4ffer, care le-a asignat studen\u021bilor sarcina de a crea o piramid\u0103 de Cr\u0103ciun. Studen\u021bii au lucrat timp de o s\u0103pt\u0103m\u00e2n\u0103 \u00een mici echipe mixte maghiaro-germane de doi sau trei membri. \u00cen anii preceden\u021bi, s-au realizat proiecte precum construirea unui motor radial cu trei cilindri, a unui motor solar Mendocino, a unor motoare pe aer precum \u0219i a unor motoare Stirling.<\/p>\n\n\n\n<p>Vizita \u00een Ungaria a fost mai mult dec\u00e2t munc\u0103 in echip\u0103 pentru proiectul asignat. Cu ajutorul colegilor lor, &nbsp;Gy\u00f6rgy Rausch \u0219i Imre Mad\u00e1csi, echipa din Kisk\u0151r\u00f6s a organizat un program variat care a inclus activit\u0103\u021bi de team-building, vizite profesionale (la fabrica CNC Nagy) \u0219i educa\u021bionale (la \u0218coala Profesional\u0103 Wattay). De asemenea, au fost incluse \u0219i activit\u0103\u021bi de recreere. La finalul s\u0103pt\u0103m\u00e2nii, studen\u021bii au terminat proiectul comun, care este acum expus \u00een cadrul companiei.<\/p>\n\n\n\n<p>P\u0103str\u00e2nd tradi\u021bia, 27 de tehnicieni de la \u0218coala Profesional\u0103 din B\u00fchl s-au al\u0103turat grupului de studen\u021bi. Dup\u0103 un tur al companiei, au vizitat \u00eempreun\u0103 \u0218coala Profesional\u0103 Wattay, unde au explorat facilit\u0103\u021bile moderne \u0219i \u0219i-au prezentat proiectele \u00een fa\u021ba unui public numeros de elevi de la liceele locale. De aproape un deceniu, \u0219colile profesionale din Germania \u0219i Ungaria colaboreaz\u0103 prin intermediul Eckerle. Anul acesta, cele dou\u0103 institu\u021bii au semnat un acord de parteneriat.<\/p>\n\n\n\n<figure class=\"wp-block-gallery has-nested-images columns-default is-cropped wp-block-gallery-1 is-layout-flex wp-block-gallery-is-layout-flex\">\n<figure class=\"wp-block-image\"><img loading=\"lazy\" decoding=\"async\" width=\"2000\" height=\"1355\" data-id=\"9738\" src=\"https:\/\/www.eckerle-gruppe.com\/wp-content\/uploads\/2024\/09\/2024-07-16-Summer-Exchange-05-5.jpg\" alt=\"\" class=\"wp-image-9738\" srcset=\"https:\/\/www.eckerle-gruppe.com\/wp-content\/uploads\/2024\/09\/2024-07-16-Summer-Exchange-05-5.jpg 2000w, https:\/\/www.eckerle-gruppe.com\/wp-content\/uploads\/2024\/09\/2024-07-16-Summer-Exchange-05-5-300x203.jpg 300w, https:\/\/www.eckerle-gruppe.com\/wp-content\/uploads\/2024\/09\/2024-07-16-Summer-Exchange-05-5-1024x694.jpg 1024w, https:\/\/www.eckerle-gruppe.com\/wp-content\/uploads\/2024\/09\/2024-07-16-Summer-Exchange-05-5-768x520.jpg 768w, https:\/\/www.eckerle-gruppe.com\/wp-content\/uploads\/2024\/09\/2024-07-16-Summer-Exchange-05-5-1536x1041.jpg 1536w\" sizes=\"auto, (max-width: 2000px) 100vw, 2000px\" \/><\/figure>\n<\/figure>\n\n\n\n<p>\u00cen ansamblu, a fost o experien\u021b\u0103 valoroas\u0103 de dezvoltare \u0219i \u00eenv\u0103\u021bare, iar cei care o pot descrie cel mai bine sunt chiar participan\u021bii:<\/p>\n\n\n\n<p>&nbsp;<strong>Zs\u00f3fia Teleki (21) \u2013 Universitatea J\u00e1nos Neumann \u2013 student anul II la Inginerie Mecanica ( \u00eenv\u0103\u021b\u0103m\u00e2nt dual):<\/strong><\/p>\n\n\n\n<p><em>\u201eM\u0103 bucur c\u0103 am avut ocazia s\u0103 \u00eenv\u0103\u021b, la nivel practic, diferite procese de t\u0103iere \u0219i s\u0103 experimentez un stil de lucru diferit fa\u021b\u0103 de cel cu care sunt obi\u0219nuit\u0103.&nbsp; A fost o experien\u021b\u0103 valoroas\u0103 s\u0103 lucrez \u00een echip\u0103, unde nu doar sarcina \u00een sine a fost o provocare, ci \u0219i comunicarea. Am realizat din nou c\u00e2t de important\u0103 este cunoa\u0219terea limbilor str\u0103ine, iar aceast\u0103 experien\u021b\u0103 m-a motivat s\u0103-mi \u00eembun\u0103t\u0103\u021besc abilit\u0103\u021bile lingvistice.<\/em><\/p>\n\n\n\n<p><em>Am avut ocazia s\u0103 cunosc oameni noi \u0219i a fost foarte util s\u0103 \u00eenv\u0103\u021b de la colegi de aceea\u0219i v\u00e2rst\u0103 ca mine. Sunt recunosc\u0103toare pentru \u0219ansa de a participa \u00een acest program \u0219i pentru experien\u021bele dob\u00e2ndite. Acestea mi-au oferit lec\u021bii pre\u021bioase \u0219i mi-au ar\u0103tat aspectele unde mai am de \u00eembun\u0103t\u0103\u021bit.\u201d<\/em><\/p>\n\n\n\n<p><strong>Laurenz Reindl (21), \u0218coala Voca\u021bional\u0103 din Buhl \u2013 student \u00een anul II la Precizie Mecanic\u0103<\/strong><\/p>\n\n\n\n<p><em>\u201eFinalizarea proiectului a \u00eencheiat o s\u0103pt\u0103m\u00e2n\u0103 de neuitat pentru noi, stagiarii, \u00een care nu doar am explorat \u0219i reu\u0219it s\u0103 \u00een\u021belegem mai bine lumea industrial\u0103 dar am \u0219i descoperit cultura maghiar\u0103 definit\u0103 de deschidere, ospitalitate \u0219i recuno\u0219tin\u021b\u0103. Programul de schimb de experien\u021b\u0103 pentru studen\u021bi a fost un real succes; pe l\u00e2ng\u0103 reu\u0219ita proiectului, to\u021bi am avut ocazia s\u0103 \u00eenv\u0103\u021b\u0103m unii de la al\u021bii, at\u00e2t pe plan profesional, c\u00e2t \u0219i cultural.\u201d<\/em><\/p>\n\n\n\n<figure class=\"wp-block-gallery has-nested-images columns-default is-cropped wp-block-gallery-2 is-layout-flex wp-block-gallery-is-layout-flex\">\n<figure class=\"wp-block-image\"><img loading=\"lazy\" decoding=\"async\" width=\"2000\" height=\"1334\" data-id=\"9719\" src=\"https:\/\/www.eckerle-gruppe.com\/wp-content\/uploads\/2024\/09\/2024-07-16-Summer-Exchange-07-5.jpg\" alt=\"\" class=\"wp-image-9719\" srcset=\"https:\/\/www.eckerle-gruppe.com\/wp-content\/uploads\/2024\/09\/2024-07-16-Summer-Exchange-07-5.jpg 2000w, https:\/\/www.eckerle-gruppe.com\/wp-content\/uploads\/2024\/09\/2024-07-16-Summer-Exchange-07-5-300x200.jpg 300w, https:\/\/www.eckerle-gruppe.com\/wp-content\/uploads\/2024\/09\/2024-07-16-Summer-Exchange-07-5-1024x683.jpg 1024w, https:\/\/www.eckerle-gruppe.com\/wp-content\/uploads\/2024\/09\/2024-07-16-Summer-Exchange-07-5-768x512.jpg 768w, https:\/\/www.eckerle-gruppe.com\/wp-content\/uploads\/2024\/09\/2024-07-16-Summer-Exchange-07-5-1536x1025.jpg 1536w\" sizes=\"auto, (max-width: 2000px) 100vw, 2000px\" \/><\/figure>\n\n\n\n<figure class=\"wp-block-image\"><img loading=\"lazy\" decoding=\"async\" width=\"2000\" height=\"1334\" data-id=\"9725\" src=\"https:\/\/www.eckerle-gruppe.com\/wp-content\/uploads\/2024\/09\/2024-07-16-Summer-Exchange-08-5.jpg\" alt=\"\" class=\"wp-image-9725\" srcset=\"https:\/\/www.eckerle-gruppe.com\/wp-content\/uploads\/2024\/09\/2024-07-16-Summer-Exchange-08-5.jpg 2000w, https:\/\/www.eckerle-gruppe.com\/wp-content\/uploads\/2024\/09\/2024-07-16-Summer-Exchange-08-5-300x200.jpg 300w, https:\/\/www.eckerle-gruppe.com\/wp-content\/uploads\/2024\/09\/2024-07-16-Summer-Exchange-08-5-1024x683.jpg 1024w, https:\/\/www.eckerle-gruppe.com\/wp-content\/uploads\/2024\/09\/2024-07-16-Summer-Exchange-08-5-768x512.jpg 768w, https:\/\/www.eckerle-gruppe.com\/wp-content\/uploads\/2024\/09\/2024-07-16-Summer-Exchange-08-5-1536x1025.jpg 1536w\" sizes=\"auto, (max-width: 2000px) 100vw, 2000px\" \/><\/figure>\n\n\n\n<figure class=\"wp-block-image\"><img loading=\"lazy\" decoding=\"async\" width=\"2000\" height=\"1334\" data-id=\"9713\" src=\"https:\/\/www.eckerle-gruppe.com\/wp-content\/uploads\/2024\/09\/2024-07-16-Summer-Exchange-06-5.jpg\" alt=\"\" class=\"wp-image-9713\" srcset=\"https:\/\/www.eckerle-gruppe.com\/wp-content\/uploads\/2024\/09\/2024-07-16-Summer-Exchange-06-5.jpg 2000w, https:\/\/www.eckerle-gruppe.com\/wp-content\/uploads\/2024\/09\/2024-07-16-Summer-Exchange-06-5-300x200.jpg 300w, https:\/\/www.eckerle-gruppe.com\/wp-content\/uploads\/2024\/09\/2024-07-16-Summer-Exchange-06-5-1024x683.jpg 1024w, https:\/\/www.eckerle-gruppe.com\/wp-content\/uploads\/2024\/09\/2024-07-16-Summer-Exchange-06-5-768x512.jpg 768w, https:\/\/www.eckerle-gruppe.com\/wp-content\/uploads\/2024\/09\/2024-07-16-Summer-Exchange-06-5-1536x1025.jpg 1536w\" sizes=\"auto, (max-width: 2000px) 100vw, 2000px\" \/><\/figure>\n<\/figure>\n\n\n\n<figure class=\"wp-block-gallery has-nested-images columns-default is-cropped wp-block-gallery-3 is-layout-flex wp-block-gallery-is-layout-flex\">\n<figure class=\"wp-block-image\"><img loading=\"lazy\" decoding=\"async\" width=\"2000\" height=\"1333\" data-id=\"9669\" src=\"https:\/\/www.eckerle-gruppe.com\/wp-content\/uploads\/2024\/09\/2024-07-16-Summer-Exchange-02-4.jpg\" alt=\"\" class=\"wp-image-9669\" srcset=\"https:\/\/www.eckerle-gruppe.com\/wp-content\/uploads\/2024\/09\/2024-07-16-Summer-Exchange-02-4.jpg 2000w, https:\/\/www.eckerle-gruppe.com\/wp-content\/uploads\/2024\/09\/2024-07-16-Summer-Exchange-02-4-300x200.jpg 300w, https:\/\/www.eckerle-gruppe.com\/wp-content\/uploads\/2024\/09\/2024-07-16-Summer-Exchange-02-4-1024x682.jpg 1024w, https:\/\/www.eckerle-gruppe.com\/wp-content\/uploads\/2024\/09\/2024-07-16-Summer-Exchange-02-4-768x512.jpg 768w, https:\/\/www.eckerle-gruppe.com\/wp-content\/uploads\/2024\/09\/2024-07-16-Summer-Exchange-02-4-1536x1024.jpg 1536w\" sizes=\"auto, (max-width: 2000px) 100vw, 2000px\" \/><\/figure>\n\n\n\n<figure class=\"wp-block-image\"><img loading=\"lazy\" decoding=\"async\" width=\"1288\" height=\"2000\" data-id=\"9663\" src=\"https:\/\/www.eckerle-gruppe.com\/wp-content\/uploads\/2024\/09\/2024-07-16-Summer-Exchange-01-4.jpg\" alt=\"\" class=\"wp-image-9663\" srcset=\"https:\/\/www.eckerle-gruppe.com\/wp-content\/uploads\/2024\/09\/2024-07-16-Summer-Exchange-01-4.jpg 1288w, https:\/\/www.eckerle-gruppe.com\/wp-content\/uploads\/2024\/09\/2024-07-16-Summer-Exchange-01-4-193x300.jpg 193w, https:\/\/www.eckerle-gruppe.com\/wp-content\/uploads\/2024\/09\/2024-07-16-Summer-Exchange-01-4-659x1024.jpg 659w, https:\/\/www.eckerle-gruppe.com\/wp-content\/uploads\/2024\/09\/2024-07-16-Summer-Exchange-01-4-768x1193.jpg 768w, https:\/\/www.eckerle-gruppe.com\/wp-content\/uploads\/2024\/09\/2024-07-16-Summer-Exchange-01-4-989x1536.jpg 989w\" sizes=\"auto, (max-width: 1288px) 100vw, 1288px\" \/><\/figure>\n<\/figure>\n","protected":false},"featured_media":9738,"template":"","class_list":["post-9744","press","type-press","status-publish","has-post-thumbnail","hentry"],"acf":[],"_links":{"self":[{"href":"https:\/\/www.eckerle-gruppe.com\/ro\/wp-json\/wp\/v2\/press\/9744","targetHints":{"allow":["GET"]}}],"collection":[{"href":"https:\/\/www.eckerle-gruppe.com\/ro\/wp-json\/wp\/v2\/press"}],"about":[{"href":"https:\/\/www.eckerle-gruppe.com\/ro\/wp-json\/wp\/v2\/types\/press"}],"wp:featuredmedia":[{"embeddable":true,"href":"https:\/\/www.eckerle-gruppe.com\/ro\/wp-json\/wp\/v2\/media\/9738"}],"wp:attachment":[{"href":"https:\/\/www.eckerle-gruppe.com\/ro\/wp-json\/wp\/v2\/media?parent=9744"}],"curies":[{"name":"wp","href":"https:\/\/api.w.org\/{rel}","templated":true}]}}