{"id":9335,"date":"2024-06-18T12:58:42","date_gmt":"2024-06-18T12:58:42","guid":{"rendered":"https:\/\/www.eckerle-gruppe.com\/?post_type=press&#038;p=9335"},"modified":"2024-07-03T08:47:18","modified_gmt":"2024-07-03T08:47:18","slug":"ziua-sportului-in-eckerle-romania-editia-2024","status":"publish","type":"press","link":"https:\/\/www.eckerle-gruppe.com\/ro\/press\/ziua-sportului-in-eckerle-romania-editia-2024\/","title":{"rendered":"ZIUA SPORTULUI \u00ceN ECKERLE ROM\u00c2NIA \u2013 edi\u021bia 2024"},"content":{"rendered":"\n<p><strong>\u0218i \u00een acest an am continuat seria competi\u021biilor sportive \u00een Eckerle Rom\u00e2nia! Astfel, \u00een data de 25 mai, la Baza Transilvania din Cluj-Napoca, echipa noastr\u0103 a organizat evenimentul sportiv deja consacrat cu scopul de a \u00eencuraja adoparea unui stil de via\u021b\u0103 s\u0103n\u0103tos prin practicarea sportului \u0219i de a \u00eent\u0103ri coeziunea echipei. Evenimentul i-a reunit pe colegii nostri din cele dou\u0103 fabrici ale Eckerle Rom\u00e2nia, al\u0103turi de familiile lor. <\/strong><strong>La eveniment au fost invita\u021bi \u0219i colegii no\u0219tri de la fabrica Satrotec Alba Iulia.<\/strong><strong><\/strong><\/p>\n\n\n\n<p>Similar fiec\u0103rei edi\u021bii de p\u00e2n\u0103 acum, au fost organizate competi\u021bii sportive diverse, printre cele mai apreciate fiind cele de tenis \u0219i fotbal. Cupa C\u00e2\u0219tig\u0103torilor Eckerle a fost \u00eenm\u00e2nat\u0103 uneia dintre cele 5 echipe de fotbal care au concurat pentru c\u00e2\u0219tigarea campionatului. Ca \u0219i \u00een activitatea profesional\u0103 cotidian\u0103, fiecare echip\u0103 s-a remarcat printr-o bun\u0103 planificare a strategiei de joc, evaluarea adeversarilor \u0219i gestionarea c\u00e2t mai eficient\u0103 a resurselor pentru a avea o competi\u021bie bazat\u0103 pe fair play. Colegii nostri au ar\u0103tat \u0219i de aceast\u0103 dat\u0103 c\u0103 munca \u00een echip\u0103 este esen\u021bial\u0103 pentru atingerea obiectivelor comune iar la baza ei st\u0103 buna colaborare \u0219i comunicare, motiva\u021bia, angajamentul \u0219i devotamentul, dedicarea \u0219i determinarea.<\/p>\n\n\n\n<p>Al\u0103turi de colegii de familiile noastre participante la eveniment, ne-am bucurat de mult\u0103 energie pozitiv\u0103, de sport, natur\u0103, m\u00e2ncare tradi\u021bional\u0103, vat\u0103 de zah\u0103r \u0219i tobogane pentru copii. \u00cempreun\u0103, to\u021bi, am ar\u0103tat \u00eenc\u0103 o dat\u0103 c\u0103 suntem o echip\u0103 \u00eenving\u0103toare!<\/p>\n\n\n\n<figure class=\"wp-block-gallery has-nested-images columns-default is-cropped wp-block-gallery-1 is-layout-flex wp-block-gallery-is-layout-flex\">\n<figure class=\"wp-block-image size-large\"><img loading=\"lazy\" decoding=\"async\" width=\"1024\" height=\"662\" data-id=\"9423\" src=\"https:\/\/www.eckerle-gruppe.com\/wp-content\/uploads\/2024\/07\/2024-06-20-Cluj-SD-atmeretezett-01-1024x662.jpg\" alt=\"\" class=\"wp-image-9423\" srcset=\"https:\/\/www.eckerle-gruppe.com\/wp-content\/uploads\/2024\/07\/2024-06-20-Cluj-SD-atmeretezett-01-1024x662.jpg 1024w, https:\/\/www.eckerle-gruppe.com\/wp-content\/uploads\/2024\/07\/2024-06-20-Cluj-SD-atmeretezett-01-300x194.jpg 300w, https:\/\/www.eckerle-gruppe.com\/wp-content\/uploads\/2024\/07\/2024-06-20-Cluj-SD-atmeretezett-01-768x497.jpg 768w, https:\/\/www.eckerle-gruppe.com\/wp-content\/uploads\/2024\/07\/2024-06-20-Cluj-SD-atmeretezett-01-1536x993.jpg 1536w, https:\/\/www.eckerle-gruppe.com\/wp-content\/uploads\/2024\/07\/2024-06-20-Cluj-SD-atmeretezett-01.jpg 2000w\" sizes=\"auto, (max-width: 1024px) 100vw, 1024px\" \/><\/figure>\n<\/figure>\n","protected":false},"featured_media":9282,"template":"","class_list":["post-9335","press","type-press","status-publish","has-post-thumbnail","hentry"],"acf":[],"_links":{"self":[{"href":"https:\/\/www.eckerle-gruppe.com\/ro\/wp-json\/wp\/v2\/press\/9335","targetHints":{"allow":["GET"]}}],"collection":[{"href":"https:\/\/www.eckerle-gruppe.com\/ro\/wp-json\/wp\/v2\/press"}],"about":[{"href":"https:\/\/www.eckerle-gruppe.com\/ro\/wp-json\/wp\/v2\/types\/press"}],"wp:featuredmedia":[{"embeddable":true,"href":"https:\/\/www.eckerle-gruppe.com\/ro\/wp-json\/wp\/v2\/media\/9282"}],"wp:attachment":[{"href":"https:\/\/www.eckerle-gruppe.com\/ro\/wp-json\/wp\/v2\/media?parent=9335"}],"curies":[{"name":"wp","href":"https:\/\/api.w.org\/{rel}","templated":true}]}}