{"id":8746,"date":"2024-03-22T12:39:51","date_gmt":"2024-03-22T12:39:51","guid":{"rendered":"https:\/\/www.eckerle-gruppe.com\/?post_type=press&#038;p=8746"},"modified":"2024-03-22T12:39:52","modified_gmt":"2024-03-22T12:39:52","slug":"primul-certificat-iso50001-obtinut-in-grupul-eckerle","status":"publish","type":"press","link":"https:\/\/www.eckerle-gruppe.com\/ro\/press\/primul-certificat-iso50001-obtinut-in-grupul-eckerle\/","title":{"rendered":"Primul certificat ISO50001 obtinut in Grupul Eckerle"},"content":{"rendered":"\n<p>Suntem m\u00e2ndri s\u0103 anun\u021b\u0103m c\u0103 site-urile noastre din Ungaria, B\u00f3ly \u0219i Kisk\u0151r\u00f6s au devenit primele fabrici din grupul Eckerle care respect\u0103 standardele ISO50001. Auditurile au avut loc \u00een primele zile ale lunii februarie \u00een cele trei companii ale noastre: Eckerle Automotive B\u00f3ly Kft., Eckerle Industrie Kft \u0219i Eckerle Automotive Kft. Certificatele de acreditare sunt disponibile de la mijlocul lunii martie atat in locatiile noastre, cat si pe site-ul nostru web.<\/p>\n\n\n\n<p>Sistemul de management al energiei (EnMS) recunoscut la nivel Mondial, subliniaz\u0103 eforturile noastre, arat\u0103 angajamentul nostru \u0219i sus\u021bine obiectivele noastre privind utilizarea eficient\u0103 a energiei \u0219i reducerea polu\u0103rii cu CO2. Cu ajutorul noului EnMS, putem economisi energie, \u00eembun\u0103t\u0103\u021bi utilizarea energiei \u0219i reduce la minimum emisiile. De asemenea, dorim cre\u0219tem utilizarea energiei verzi, pentru a ob\u021bine neutralitatea climatica la un nivel cat mai inalt.<\/p>\n\n\n\n<p>\u201eUtilizarea eficient\u0103 a energiei este prioritatea noastr\u0103 principal\u0103 \u0219i avem aceleasi asteptari si de la partenerii no\u0219tri. Atunci c\u00e2nd dezvolt\u0103m produse \u00eempreun\u0103 cu clien\u021bii no\u0219tri \u0219i alegem furnizori, le solicit\u0103m ca ace\u0219tia s\u0103 respecte regulile noastre echivalente de mediu. \u00cen timpul produc\u021biei, s\u0103n\u0103tatea \u0219i siguran\u021ba angaja\u021biilor no\u0219tri sunt foarte importante. Cu toate acestea, solicit\u0103m, de asemenea, evitarea impactului negativ asupra mediului. C\u0103ut\u0103m \u00een mod proactiv solu\u021bii pentru a reduce de\u0219eurile, apele uzate, zgomotul \u0219i alte emisii pentru a genera c\u00e2t mai pu\u021bine daune asupra mediului. Ne m\u00e2ndrim cu solu\u021biile noastre durabile \u0219i practici de afaceri responsabile \u0219i vom continua s\u0103 ne for\u021b\u0103m pe noi \u00een\u0219ine \u0219i pe partenerii no\u0219tri pentru a ne asigura c\u0103 ne \u00eendeplinim obiectivele de eficien\u021b\u0103 energetic\u0103\u201d, spune Andreas Goehring, CEO al Grupului Eckerle.<\/p>\n\n\n\n<p>Suntem m\u00e2ndri de echipa noastr\u0103, care a contribuit la implementarea cu succes a noului standard.<\/p>\n","protected":false},"featured_media":8780,"template":"","class_list":["post-8746","press","type-press","status-publish","has-post-thumbnail","hentry"],"acf":[],"_links":{"self":[{"href":"https:\/\/www.eckerle-gruppe.com\/ro\/wp-json\/wp\/v2\/press\/8746","targetHints":{"allow":["GET"]}}],"collection":[{"href":"https:\/\/www.eckerle-gruppe.com\/ro\/wp-json\/wp\/v2\/press"}],"about":[{"href":"https:\/\/www.eckerle-gruppe.com\/ro\/wp-json\/wp\/v2\/types\/press"}],"wp:featuredmedia":[{"embeddable":true,"href":"https:\/\/www.eckerle-gruppe.com\/ro\/wp-json\/wp\/v2\/media\/8780"}],"wp:attachment":[{"href":"https:\/\/www.eckerle-gruppe.com\/ro\/wp-json\/wp\/v2\/media?parent=8746"}],"curies":[{"name":"wp","href":"https:\/\/api.w.org\/{rel}","templated":true}]}}