{"id":8319,"date":"2024-01-09T15:00:00","date_gmt":"2024-01-09T15:00:00","guid":{"rendered":"https:\/\/www.eckerle-gruppe.com\/?post_type=press&#038;p=8319"},"modified":"2024-01-09T16:37:13","modified_gmt":"2024-01-09T16:37:13","slug":"noul-laboratorul-de-calibrare-acreditat-al-eckerle","status":"publish","type":"press","link":"https:\/\/www.eckerle-gruppe.com\/ro\/press\/noul-laboratorul-de-calibrare-acreditat-al-eckerle\/","title":{"rendered":"Noul laboratorul de calibrare acreditat al Eckerle"},"content":{"rendered":"\n<p>V\u0103 anun\u021b\u0103m cu m\u00e2ndrie c\u0103 dup\u0103 aproape doi ani de munc\u0103 asidu\u0103, din octombrie 2023, Eckerle Industrie Kft conduce un laborator de calibrare acreditat. Compania noastr\u0103 realizeaz\u0103 calibrarea aparatelor de verificare a for\u021bei de presare \u00een intervalul 0,1 kN \u0219i 300 kN pe pie\u021bele din Ungaria \u0219i Rom\u00e2nia. Continu\u0103m s\u0103 oferim evalu\u0103ri asupra st\u0103rii aparatelor, configur\u0103ri primare, actualiz\u0103ri de software \u0219i \u00eentre\u021binere, conform practicii noastre obi\u0219nuite.<\/p>\n\n\n\n<p>Procesul de acreditare a laboratorului nostru a rezultat din impactul combinat a mai multor factori. <br>\u00cen ultimele luni, partenerii no\u0219tri au solicitat din ce \u00een ce mai mult revizuirea for\u021belor de presare \u00een produc\u021bia lor de c\u0103tre laboratoarele de calibrare acreditate \u00een timpul auditurilor lor de asigurare a calit\u0103\u021bii. Pe plan intern, extinderea spectrului de servicii pentru clien\u021bii no\u0219tri a fost la fel de esen\u021bial\u0103. Am vrut s\u0103 ne asigur\u0103m c\u0103 procesul de asisten\u021b\u0103 pentru clien\u021bi include nu numai consulta\u021bii tehnice pentru v\u00e2nz\u0103ri, ci acoper\u0103 \u0219i \u00eentreaga durat\u0103 de via\u021b\u0103 a preselor.<\/p>\n\n\n\n<p>Dup\u0103 luni de efort concentrat al echipei noastre, am ob\u021binut Certificatul de Acreditare de la Autoritatea Na\u021bional\u0103 de Acreditare. \u00cen acest proiect comun au fost implica\u021bi colegi de la Departamentul Calitate, Servicii, V\u00e2nz\u0103ri \u0219i auditorii no\u0219tri interni. Pentru a asigura un proces de audit de succes, am urmat mai mul\u021bi pa\u0219i:<\/p>\n\n\n\n<p>\u2022 Am finalizat instruirea pentru metrologi, manageri de laborator \u0219i auditori interni.<\/p>\n\n\n\n<p>\u2022 Ne-am modernizat instrumentele de m\u0103surare a for\u021bei \u0219i am achizi\u021bionat noi celule de m\u0103surare a for\u021bei calibrate \u00eentr-un laborator acreditat.<\/p>\n\n\n\n<p>\u2022 Am efectuat m\u0103sur\u0103tori comparative interna\u021bionale la laboratorul de calibrare Schmidt Technology din Germania, \u00een site-ul produc\u0103torului aparatului de presare.<\/p>\n\n\n\n<p>\u2022 Am preg\u0103tit manualul nostru de calitate, integr\u00e2ndu-l \u00een sistemul nostru existent.<\/p>\n\n\n\n<p>\u2022 Ne-am dezvoltat procedurile de calibrare.<\/p>\n\n\n\n<p>\u2022 Am \u00eentocmit rapoarte \u0219i certificate de calibrare.<\/p>\n\n\n\n<p>Dup\u0103 procesul de acreditare, exper\u021bii desemna\u021bi au examinat \u0219i evaluat pa\u0219ii parcur\u0219i. Ei au efectuat o inspec\u021bie la fa\u021ba locului pentru a verifica adecvarea \u0219i conformitatea noastr\u0103 cu standardele. \u00cen consecin\u021b\u0103, au recomandat acordarea statutului de acreditat, asigur\u00e2ndu-se c\u0103 func\u021bionarea laboratorului nostru respect\u0103 cerin\u021bele standardelor MSZ EN ISO\/IEC 17025:2018.<\/p>\n\n\n\n<p>Felicit\u0103ri echipei pentru aceast\u0103 realizare \u0219i \u00eei dorim mult succes pe termen lung, precum \u0219i utilizarea cu succes a laboratorului.<\/p>\n\n\n<div class=\"wp-block-image\">\n<figure class=\"aligncenter size-large\"><img loading=\"lazy\" decoding=\"async\" width=\"1024\" height=\"598\" src=\"https:\/\/www.eckerle-gruppe.com\/wp-content\/uploads\/2024\/01\/Akkreditalt-kalib.-lab-1024x598.jpg\" alt=\"\" class=\"wp-image-8352\" srcset=\"https:\/\/www.eckerle-gruppe.com\/wp-content\/uploads\/2024\/01\/Akkreditalt-kalib.-lab-1024x598.jpg 1024w, https:\/\/www.eckerle-gruppe.com\/wp-content\/uploads\/2024\/01\/Akkreditalt-kalib.-lab-300x175.jpg 300w, https:\/\/www.eckerle-gruppe.com\/wp-content\/uploads\/2024\/01\/Akkreditalt-kalib.-lab-768x449.jpg 768w, https:\/\/www.eckerle-gruppe.com\/wp-content\/uploads\/2024\/01\/Akkreditalt-kalib.-lab-430x250.jpg 430w, https:\/\/www.eckerle-gruppe.com\/wp-content\/uploads\/2024\/01\/Akkreditalt-kalib.-lab.jpg 1484w\" sizes=\"auto, (max-width: 1024px) 100vw, 1024px\" \/><\/figure>\n<\/div>","protected":false},"featured_media":8352,"template":"","class_list":["post-8319","press","type-press","status-publish","has-post-thumbnail","hentry"],"acf":[],"_links":{"self":[{"href":"https:\/\/www.eckerle-gruppe.com\/ro\/wp-json\/wp\/v2\/press\/8319","targetHints":{"allow":["GET"]}}],"collection":[{"href":"https:\/\/www.eckerle-gruppe.com\/ro\/wp-json\/wp\/v2\/press"}],"about":[{"href":"https:\/\/www.eckerle-gruppe.com\/ro\/wp-json\/wp\/v2\/types\/press"}],"wp:featuredmedia":[{"embeddable":true,"href":"https:\/\/www.eckerle-gruppe.com\/ro\/wp-json\/wp\/v2\/media\/8352"}],"wp:attachment":[{"href":"https:\/\/www.eckerle-gruppe.com\/ro\/wp-json\/wp\/v2\/media?parent=8319"}],"curies":[{"name":"wp","href":"https:\/\/api.w.org\/{rel}","templated":true}]}}