{"id":8169,"date":"2023-11-23T09:06:03","date_gmt":"2023-11-23T09:06:03","guid":{"rendered":"https:\/\/www.eckerle-gruppe.com\/?post_type=press&#038;p=8169"},"modified":"2023-11-23T09:06:04","modified_gmt":"2023-11-23T09:06:04","slug":"maratonul-afacerilor-din-cluj","status":"publish","type":"press","link":"https:\/\/www.eckerle-gruppe.com\/ro\/press\/maratonul-afacerilor-din-cluj\/","title":{"rendered":"Maratonul Afacerilor din Cluj"},"content":{"rendered":"\n<p>\u00cen aceast\u0103 toamn\u0103, echipa Eckerle din Cluj-Napoca a g\u0103zduit evenimentul numit \u201eMaratonul Afacerilor\u201d. Un total de \u0219ase companii, at\u00e2t din Cluj-Napoca, c\u00e2t \u0219i din Zalau, au avut onoarea de a fi locul de desf\u0103\u0219urare a acestei serii de evenimente \u00een regiune \u00een cursul lunii octombrie. Printre ele s-a num\u0103rat \u0219i Eckerle.<\/p>\n\n\n\n<p>Organizatorii \u201eMaratonului Afacerilor\u201d au fost Camera Francez\u0103 de Comer\u021b, Industrie \u0219i Agricultur\u0103 din Rom\u00e2nia (CCIFER), al\u0103turi de Clubul de Afaceri Francofon Cluj (CFAC). Evenimentul a fost sus\u021binut de Consulatul Fran\u021bei la Constan\u021ba \u0219i Asocia\u021bia Constructorilor de Automobile din Rom\u00e2nia (ACAROM).<\/p>\n\n\n\n<p>Scopul \u201eMaratonului de Afaceri\u201d a avut ca scop consolidarea cooper\u0103rii dintre mediul de afaceri, autorit\u0103\u021bile locale \u0219i mediul academic. \u00cent\u00e2lnirile au fost organizate pe teme precum proiecte de dezvoltare, infrastructur\u0103, investi\u021bii \u0219i finan\u021bare din perspectiva competitivit\u0103\u021bii \u0219i dezvolt\u0103rii regiunii. Rolul evenimentului din octombrie a fost de a prezenta expertiza companiilor cu capital str\u0103in care opereaz\u0103 la nivel regional, cele mai bune practici din industrie, precum \u0219i colabor\u0103rile \u0219i oportunit\u0103\u021bile de afaceri existente.<\/p>\n\n\n\n<p>La Eckerle, am g\u0103zduit aproximativ cincizeci de invita\u021bi, inclusiv membri ai conducerii CCIFER, CFAC \u0219i ACAROM, reprezentan\u021bi ai Consulatului Fran\u021bei la Constan\u021ba, partenerii no\u0219tri strategici, directori generali \u0219i directori de companii din regiune, precum \u0219i reprezentan\u0163i ai cercurilor bancare \u015fi \u015ftiin\u0163ifice din Cluj. \u00cen timpul vizitei de dou\u0103 ore, directorul general Andrei Trombitas a prezentat istoria \u0219i activit\u0103\u021bile Eckerle, \u00een timp ce Gabriel Urian, directorul tehnic, a vorbit despre proiectele noastre de dezvoltare \u0219i automatizare. \u00cen urma prezent\u0103rilor, \u00eentreaga echip\u0103 de management a \u00eenso\u021bit grupul de participan\u021bi \u00eentr-o vizit\u0103 \u00een zona de produc\u021bie, permi\u021b\u00e2nd oaspe\u021bilor no\u0219tri s\u0103 adreseze \u00eentreb\u0103ri despre activit\u0103\u021bile companiei \u0219i planurile de viitor.<\/p>\n\n\n\n<figure class=\"wp-block-gallery has-nested-images columns-default is-cropped wp-block-gallery-1 is-layout-flex wp-block-gallery-is-layout-flex\">\n<figure class=\"wp-block-image size-large\"><img loading=\"lazy\" decoding=\"async\" width=\"1024\" height=\"683\" data-id=\"8177\" src=\"https:\/\/www.eckerle-gruppe.com\/wp-content\/uploads\/2023\/11\/Business-Marathon-kiskep-04-1024x683.jpg\" alt=\"\" class=\"wp-image-8177\" srcset=\"https:\/\/www.eckerle-gruppe.com\/wp-content\/uploads\/2023\/11\/Business-Marathon-kiskep-04-1024x683.jpg 1024w, https:\/\/www.eckerle-gruppe.com\/wp-content\/uploads\/2023\/11\/Business-Marathon-kiskep-04-300x200.jpg 300w, https:\/\/www.eckerle-gruppe.com\/wp-content\/uploads\/2023\/11\/Business-Marathon-kiskep-04-768x512.jpg 768w, https:\/\/www.eckerle-gruppe.com\/wp-content\/uploads\/2023\/11\/Business-Marathon-kiskep-04.jpg 1200w\" sizes=\"auto, (max-width: 1024px) 100vw, 1024px\" \/><\/figure>\n\n\n\n<figure class=\"wp-block-image size-large\"><img loading=\"lazy\" decoding=\"async\" width=\"1024\" height=\"683\" data-id=\"8171\" src=\"https:\/\/www.eckerle-gruppe.com\/wp-content\/uploads\/2023\/11\/Business-Marathon-kiskep-03-1024x683.jpg\" alt=\"\" class=\"wp-image-8171\" srcset=\"https:\/\/www.eckerle-gruppe.com\/wp-content\/uploads\/2023\/11\/Business-Marathon-kiskep-03-1024x683.jpg 1024w, https:\/\/www.eckerle-gruppe.com\/wp-content\/uploads\/2023\/11\/Business-Marathon-kiskep-03-300x200.jpg 300w, https:\/\/www.eckerle-gruppe.com\/wp-content\/uploads\/2023\/11\/Business-Marathon-kiskep-03-768x512.jpg 768w, https:\/\/www.eckerle-gruppe.com\/wp-content\/uploads\/2023\/11\/Business-Marathon-kiskep-03.jpg 1200w\" sizes=\"auto, (max-width: 1024px) 100vw, 1024px\" \/><\/figure>\n<\/figure>\n\n\n\n<p>Evenimentul s-a \u00eencheiat cu o sear\u0103 de networking \u00eentre membri ai comunit\u0103\u021bii de afaceri franco-rom\u00e2ne, la care au participat colegi din echipa noastr\u0103 de conducere. A doua zi, ca o continuare a \u201eMaratonului de Afaceri\u201d \u00een Zalau, colegii nostri au interac\u021bionat cu reprezentanti ai companiilor locale, vizitand trei fabrici unde au aflat detalii despre specificul lor tehnologic.<\/p>\n\n\n\n<p>Ne bucur\u0103m c\u0103 am participat la acest eveniment unde am putut ar\u0103ta c\u0103 suntem o companie competitiv\u0103, cu o echip\u0103 orientat\u0103 spre rezultate \u0219i performan\u021b\u0103! \u00cenc\u0103 o dat\u0103, ne-am remarcat prin ambi\u021bia \u0219i determinarea cu care \u00eembr\u0103\u021bi\u0219\u0103m fiecare proces \u00een care ne implic\u0103m. Originalitatea cu care dezvolt\u0103m fiecare proces tehnologic. Pasiunea pe care o acord\u0103m activit\u0103\u021bilor pe care le desf\u0103\u0219ur\u0103m. \u0218i rezultatele bune care ne fac unul dintre angajatorii de top la nivel local.<\/p>\n","protected":false},"featured_media":8160,"template":"","class_list":["post-8169","press","type-press","status-publish","has-post-thumbnail","hentry"],"acf":[],"_links":{"self":[{"href":"https:\/\/www.eckerle-gruppe.com\/ro\/wp-json\/wp\/v2\/press\/8169","targetHints":{"allow":["GET"]}}],"collection":[{"href":"https:\/\/www.eckerle-gruppe.com\/ro\/wp-json\/wp\/v2\/press"}],"about":[{"href":"https:\/\/www.eckerle-gruppe.com\/ro\/wp-json\/wp\/v2\/types\/press"}],"wp:featuredmedia":[{"embeddable":true,"href":"https:\/\/www.eckerle-gruppe.com\/ro\/wp-json\/wp\/v2\/media\/8160"}],"wp:attachment":[{"href":"https:\/\/www.eckerle-gruppe.com\/ro\/wp-json\/wp\/v2\/media?parent=8169"}],"curies":[{"name":"wp","href":"https:\/\/api.w.org\/{rel}","templated":true}]}}