{"id":7964,"date":"2023-10-16T00:00:00","date_gmt":"2023-10-16T00:00:00","guid":{"rendered":"https:\/\/www.eckerle-gruppe.com\/?post_type=press&#038;p=7964"},"modified":"2023-10-18T10:58:35","modified_gmt":"2023-10-18T10:58:35","slug":"eckerle-primeste-premiul-de-calitate-oferit-de-prettl","status":"publish","type":"press","link":"https:\/\/www.eckerle-gruppe.com\/ro\/press\/eckerle-primeste-premiul-de-calitate-oferit-de-prettl\/","title":{"rendered":"ECKERLE PRIMESTE PREMIUL DE CALITATE OFERIT DE PRETTL"},"content":{"rendered":"\n<p>Grupul Prettl \u00ee\u0219i s\u0103rb\u0103tore\u0219te anul acesta cea de-a 70-a aniversare iar cu aceast\u0103 ocazie s-a organizat un eveniment jubiliar special \u00een perioada 21-22 septembrie. Unul dintre cele mai importante momente ale evenimentului a fost ceremonia de decernare a premiilor \u00een care au fost \u00eenm\u00e2nate trofee destinatarilor merituo\u0219i din cele 40 de companii Prettl, pe urm\u0103toarele categorii: GoZero, Oameni &amp; Cultur\u0103, Inova\u021bie &amp; Tehnologie, V\u00e2nz\u0103ri &amp; Marketing, \u0219i Calitate. Andreas G\u00f6hring, CEO-ul companiei noastre, a preluat premiul pentru calitate \u00een numele Eckerle Automotive B\u00f3ly Kft.<\/p>\n\n\n\n<figure class=\"wp-block-image size-large\"><img loading=\"lazy\" decoding=\"async\" width=\"1024\" height=\"576\" src=\"https:\/\/www.eckerle-gruppe.com\/wp-content\/uploads\/2023\/10\/Prettl-award-small-01-edited-1024x576.jpg\" alt=\"\" class=\"wp-image-7861\" srcset=\"https:\/\/www.eckerle-gruppe.com\/wp-content\/uploads\/2023\/10\/Prettl-award-small-01-edited-1024x576.jpg 1024w, https:\/\/www.eckerle-gruppe.com\/wp-content\/uploads\/2023\/10\/Prettl-award-small-01-edited-300x169.jpg 300w, https:\/\/www.eckerle-gruppe.com\/wp-content\/uploads\/2023\/10\/Prettl-award-small-01-edited-768x432.jpg 768w, https:\/\/www.eckerle-gruppe.com\/wp-content\/uploads\/2023\/10\/Prettl-award-small-01-edited.jpg 1200w\" sizes=\"auto, (max-width: 1024px) 100vw, 1024px\" \/><\/figure>\n\n\n\n<p>Dar de ce fabrica Eckerle din B\u00f3ly a fost onorat\u0103 cu aceast\u0103 recunoa\u0219tere \u00een r\u00e2ndul celor peste 40 de companii din grup?<\/p>\n\n\n\n<p>R\u0103spunsul este uluitor: din decembrie 2021 p\u00e2n\u0103 \u00een august 2023, costurile calit\u0103\u021bii au fost reduse permanent de la peste 4% p\u00e2n\u0103 la un uluitor 1,5%, ating\u00e2nd acest rezultat remarcabil \u00eentr-un interval de timp at\u00e2t de scurt. (este de remarcat faptul c\u0103 \u00een 2021 au fost luni \u00een care costurile de calitate au dep\u0103\u0219it 10%).<\/p>\n\n\n\n<p>Conducerea Prettl sprijin\u0103 din toat\u0103 inima astfel de eforturi \u0219i \u00eencurajeaz\u0103 men\u021binerea lor \u00een viitor.<\/p>\n\n\n\n<p>De asemenea, merit\u0103 s\u0103 arunc\u0103m o privire mai atent\u0103 asupra m\u0103surilor care au adus schimb\u0103ri pozitive \u00een indicatorii de calitate:<\/p>\n\n\n\n<p>\u2022 Introducerea auditului pe mai multe niveluri (LPA) \u00een procesul de produc\u021bie a implicat participarea persoanelor cu responsabilit\u0103\u021bi diferite, inclusiv controlori de proces, supraveghetori de ture, ingineri \u0219i management. Ei au evaluat conformitatea folosind liste de verificare predefinite \u0219i au implementat ac\u021biunile necesare.<\/p>\n\n\n\n<p>\u2022 Colegii din B\u00f3ly au segmentat produc\u021bia, desemn\u00e2nd grupuri specializate pentru a supraveghea zone diferite.<\/p>\n\n\n\n<p>\u2022 Echipa a reorganizat \u0219i departamentul de calitate, eficientiz\u00e2nd func\u021biile \u00een roluri specifice. Acest lucru a permis exper\u021bilor \u00een domeniu s\u0103 se ocupe de sarcini mai pu\u021bin frecvente, cum ar fi analiza modelelor, asigurarea calit\u0103\u021bii furnizorilor \u0219i moderarea FMEA. Drept urmare, inginerii responsabili de produs ar putea lucra mai eficient \u0219i pot dedica mai mult timp produc\u021biei.<\/p>\n\n\n\n<p>\u2022 Au dezvoltat un sistem mai transparent pentru supravegherea costurilor calit\u0103\u021bii, pornind de la modele consacrate \u00een Ungaria. Av\u00e2nd acces la date precise, ace\u0219tia au desf\u0103\u0219urat constant activit\u0103\u021bi de \u00eembun\u0103t\u0103\u021bire.<\/p>\n\n\n\n<p>Echipa fabricii din B\u00f3ly are toate motivele s\u0103 fie m\u00e2ndr\u0103 de realiz\u0103rile lor, deoarece a depus toate eforturile pentru a-\u0219i \u00eembun\u0103t\u0103\u021bi performan\u021ba \u0219i se angajeaz\u0103 s\u0103 se asigure c\u0103 aceast\u0103 tendin\u021b\u0103 va continua \u00een viitor, urm\u0103rind cele mai bune rezultate.<\/p>\n\n\n\n<figure class=\"wp-block-gallery has-nested-images columns-default is-cropped wp-block-gallery-1 is-layout-flex wp-block-gallery-is-layout-flex\">\n<figure class=\"wp-block-image size-large\"><img loading=\"lazy\" decoding=\"async\" width=\"1024\" height=\"787\" data-id=\"7954\" src=\"https:\/\/www.eckerle-gruppe.com\/wp-content\/uploads\/2023\/10\/Prettl-award-03-1024x787.jpg\" alt=\"\" class=\"wp-image-7954\" srcset=\"https:\/\/www.eckerle-gruppe.com\/wp-content\/uploads\/2023\/10\/Prettl-award-03-1024x787.jpg 1024w, https:\/\/www.eckerle-gruppe.com\/wp-content\/uploads\/2023\/10\/Prettl-award-03-300x231.jpg 300w, https:\/\/www.eckerle-gruppe.com\/wp-content\/uploads\/2023\/10\/Prettl-award-03-768x590.jpg 768w, https:\/\/www.eckerle-gruppe.com\/wp-content\/uploads\/2023\/10\/Prettl-award-03.jpg 1200w\" sizes=\"auto, (max-width: 1024px) 100vw, 1024px\" \/><\/figure>\n\n\n\n<figure class=\"wp-block-image size-large\"><img loading=\"lazy\" decoding=\"async\" width=\"1024\" height=\"620\" data-id=\"7948\" src=\"https:\/\/www.eckerle-gruppe.com\/wp-content\/uploads\/2023\/10\/Prettl-award-02-1024x620.jpg\" alt=\"\" class=\"wp-image-7948\" srcset=\"https:\/\/www.eckerle-gruppe.com\/wp-content\/uploads\/2023\/10\/Prettl-award-02-1024x620.jpg 1024w, https:\/\/www.eckerle-gruppe.com\/wp-content\/uploads\/2023\/10\/Prettl-award-02-300x182.jpg 300w, https:\/\/www.eckerle-gruppe.com\/wp-content\/uploads\/2023\/10\/Prettl-award-02-768x465.jpg 768w, https:\/\/www.eckerle-gruppe.com\/wp-content\/uploads\/2023\/10\/Prettl-award-02.jpg 1200w\" sizes=\"auto, (max-width: 1024px) 100vw, 1024px\" \/><\/figure>\n<\/figure>\n\n\n\n<p>Suntem m\u00e2ndri de echipa B\u00f3ly \u0219i vom continua s\u0103 \u00eencuraj\u0103m site-ul s\u0103 ob\u021bin\u0103 rezultate similare impresionante \u00een viitor!<\/p>\n","protected":false},"featured_media":7948,"template":"","class_list":["post-7964","press","type-press","status-publish","has-post-thumbnail","hentry"],"acf":[],"_links":{"self":[{"href":"https:\/\/www.eckerle-gruppe.com\/ro\/wp-json\/wp\/v2\/press\/7964","targetHints":{"allow":["GET"]}}],"collection":[{"href":"https:\/\/www.eckerle-gruppe.com\/ro\/wp-json\/wp\/v2\/press"}],"about":[{"href":"https:\/\/www.eckerle-gruppe.com\/ro\/wp-json\/wp\/v2\/types\/press"}],"wp:featuredmedia":[{"embeddable":true,"href":"https:\/\/www.eckerle-gruppe.com\/ro\/wp-json\/wp\/v2\/media\/7948"}],"wp:attachment":[{"href":"https:\/\/www.eckerle-gruppe.com\/ro\/wp-json\/wp\/v2\/media?parent=7964"}],"curies":[{"name":"wp","href":"https:\/\/api.w.org\/{rel}","templated":true}]}}