{"id":7731,"date":"2023-05-15T10:00:00","date_gmt":"2023-05-15T10:00:00","guid":{"rendered":"https:\/\/www.eckerle-gruppe.com\/?post_type=press&#038;p=7731"},"modified":"2023-07-27T07:45:26","modified_gmt":"2023-07-27T07:45:26","slug":"cupa-prettl-2023-jocul-aniversar-jubileu","status":"publish","type":"press","link":"https:\/\/www.eckerle-gruppe.com\/ro\/press\/cupa-prettl-2023-jocul-aniversar-jubileu\/","title":{"rendered":"CUPA PRETTL 2023- JOCUL ANIVERSAR JUBILEU"},"content":{"rendered":"\n<p>Cu ocazia anivers\u0103rii de 70 de ani a companiei Prettl, Cupa Prettl din acest an a avut loc vineri, 5 mai 2023, la centrul sportiv TSV Holzelfingen. Prettl a invitat fiecare dintre loca\u021biile sale din Germania la acest eveniment.<\/p>\n\n\n\n<figure class=\"wp-block-image size-large\"><img loading=\"lazy\" decoding=\"async\" width=\"1024\" height=\"576\" src=\"https:\/\/www.eckerle-gruppe.com\/wp-content\/uploads\/2023\/05\/Jubelee-Football-203-1024x576.jpg\" alt=\"\" class=\"wp-image-7282\" srcset=\"https:\/\/www.eckerle-gruppe.com\/wp-content\/uploads\/2023\/05\/Jubelee-Football-203-1024x576.jpg 1024w, https:\/\/www.eckerle-gruppe.com\/wp-content\/uploads\/2023\/05\/Jubelee-Football-203-300x169.jpg 300w, https:\/\/www.eckerle-gruppe.com\/wp-content\/uploads\/2023\/05\/Jubelee-Football-203-768x432.jpg 768w, https:\/\/www.eckerle-gruppe.com\/wp-content\/uploads\/2023\/05\/Jubelee-Football-203.jpg 1500w\" sizes=\"auto, (max-width: 1024px) 100vw, 1024px\" \/><\/figure>\n\n\n\n<p>Dup\u0103 o scurt\u0103 \u00eent\u00e2mpinare \u0219i o explica\u021bie a regulilor turneului, echipele \u0219i-au demonstrat abilit\u0103\u021bile pe teren. \u00cen primul nostru joc, N. Engelmeier, antrenor tehnic, ne-a asigurat \u00een ultimul moment o victorie de 3:2 \u00eempotriva stagiarilor \u0219i studen\u021bilor de la compania Prettl cu golul s\u0103u. Am c\u00e2\u0219tigat \u0219i al doilea joc cu 3:1 \u00eempotriva PMA 2. Cu cel de-al treilea \u0219i ultimul joc din turul preliminar, am ajuns \u00een semifinale cu un impresionant 9:0 \u00eempotriva REFU.<\/p>\n\n\n\n<figure class=\"wp-block-gallery has-nested-images columns-default is-cropped wp-block-gallery-1 is-layout-flex wp-block-gallery-is-layout-flex\">\n<figure class=\"wp-block-image size-large\"><img loading=\"lazy\" decoding=\"async\" width=\"1024\" height=\"576\" data-id=\"7276\" src=\"https:\/\/www.eckerle-gruppe.com\/wp-content\/uploads\/2023\/05\/Jubelee-Football-202-1024x576.jpg\" alt=\"\" class=\"wp-image-7276\" srcset=\"https:\/\/www.eckerle-gruppe.com\/wp-content\/uploads\/2023\/05\/Jubelee-Football-202-1024x576.jpg 1024w, https:\/\/www.eckerle-gruppe.com\/wp-content\/uploads\/2023\/05\/Jubelee-Football-202-300x169.jpg 300w, https:\/\/www.eckerle-gruppe.com\/wp-content\/uploads\/2023\/05\/Jubelee-Football-202-768x432.jpg 768w, https:\/\/www.eckerle-gruppe.com\/wp-content\/uploads\/2023\/05\/Jubelee-Football-202.jpg 1500w\" sizes=\"auto, (max-width: 1024px) 100vw, 1024px\" \/><\/figure>\n<\/figure>\n\n\n\n<p>I-am \u00eenvins pe All-Stars, noii no\u0219tri concuren\u021bi, cu 3:1 \u0219i am intrat direct \u00een final\u0103. Am fost mai puternici dec\u00e2t adversarii no\u0219tri, dar nu ne-am putut transforma superioritatea \u00een goluri. Portarul nostru D. Seifermann, un tehnician de \u00eentre\u021binere a sculelor, ne-a \u021binut de c\u00e2teva ori \u00een joc cu reflexe rapide. Din nefericire, am pierdut foarte mult \u00een urm\u0103toarea lansare de la 9 metri cu un 4:3.<\/p>\n\n\n\n<figure class=\"wp-block-image size-large\"><img loading=\"lazy\" decoding=\"async\" width=\"1024\" height=\"683\" src=\"https:\/\/www.eckerle-gruppe.com\/wp-content\/uploads\/2023\/05\/Jubelee-Football-201-1024x683.jpg\" alt=\"\" class=\"wp-image-7270\" srcset=\"https:\/\/www.eckerle-gruppe.com\/wp-content\/uploads\/2023\/05\/Jubelee-Football-201-1024x683.jpg 1024w, https:\/\/www.eckerle-gruppe.com\/wp-content\/uploads\/2023\/05\/Jubelee-Football-201-300x200.jpg 300w, https:\/\/www.eckerle-gruppe.com\/wp-content\/uploads\/2023\/05\/Jubelee-Football-201-768x512.jpg 768w, https:\/\/www.eckerle-gruppe.com\/wp-content\/uploads\/2023\/05\/Jubelee-Football-201.jpg 1500w\" sizes=\"auto, (max-width: 1024px) 100vw, 1024px\" \/><\/figure>\n\n\n\n<p>Acest turneu a fost o oportunitate excelent\u0103 de a consolida munca \u00een echip\u0103 \u0219i de a promova cooperarea colegial\u0103. Cu 18 goluri marcate \u0219i doar patru primite, aceast\u0103 zi a fost un succes total.<\/p>\n\n\n\n<p>A\u0219tept\u0103m deja cu ner\u0103bdare turneul de anul viitor \u0219i sper\u0103m s\u0103 lu\u0103m trofeul cu noi la Ottersweier!<\/p>\n","protected":false},"featured_media":7260,"template":"","class_list":["post-7731","press","type-press","status-publish","has-post-thumbnail","hentry"],"acf":[],"_links":{"self":[{"href":"https:\/\/www.eckerle-gruppe.com\/ro\/wp-json\/wp\/v2\/press\/7731","targetHints":{"allow":["GET"]}}],"collection":[{"href":"https:\/\/www.eckerle-gruppe.com\/ro\/wp-json\/wp\/v2\/press"}],"about":[{"href":"https:\/\/www.eckerle-gruppe.com\/ro\/wp-json\/wp\/v2\/types\/press"}],"wp:featuredmedia":[{"embeddable":true,"href":"https:\/\/www.eckerle-gruppe.com\/ro\/wp-json\/wp\/v2\/media\/7260"}],"wp:attachment":[{"href":"https:\/\/www.eckerle-gruppe.com\/ro\/wp-json\/wp\/v2\/media?parent=7731"}],"curies":[{"name":"wp","href":"https:\/\/api.w.org\/{rel}","templated":true}]}}