{"id":7730,"date":"2023-03-23T08:00:00","date_gmt":"2023-03-23T08:00:00","guid":{"rendered":"https:\/\/www.eckerle-gruppe.com\/?post_type=press&#038;p=7730"},"modified":"2023-07-27T07:31:15","modified_gmt":"2023-07-27T07:31:15","slug":"vizita-ministrului-economiei-la-cluj","status":"publish","type":"press","link":"https:\/\/www.eckerle-gruppe.com\/ro\/press\/vizita-ministrului-economiei-la-cluj\/","title":{"rendered":"VIZITA MINISTRULUI ECONOMIEI LA CLUJ"},"content":{"rendered":"\n<p>Pe 23 martie l-am primit la sediul nostru din Cluj pe Florin Sp\u0103taru, ministrul Economiei din Rom\u00e2nia. Reprezentan\u021bii Clubului German de Afaceri din Cluj l-au \u00eenso\u021bit pe ministru \u0219i echipa sa. Andreas Goehring, CEO al Eckerle Gruppe, a c\u0103l\u0103torit cu aceast\u0103 ocazie la Cluj.<\/p>\n\n\n\n<figure class=\"wp-block-gallery has-nested-images columns-default is-cropped wp-block-gallery-1 is-layout-flex wp-block-gallery-is-layout-flex\">\n<figure class=\"wp-block-image size-large\"><img loading=\"lazy\" decoding=\"async\" width=\"1024\" height=\"683\" data-id=\"7110\" src=\"https:\/\/www.eckerle-gruppe.com\/wp-content\/uploads\/2023\/03\/MinisterVisitCluj004-1024x683.jpg\" alt=\"\" class=\"wp-image-7110\" srcset=\"https:\/\/www.eckerle-gruppe.com\/wp-content\/uploads\/2023\/03\/MinisterVisitCluj004-1024x683.jpg 1024w, https:\/\/www.eckerle-gruppe.com\/wp-content\/uploads\/2023\/03\/MinisterVisitCluj004-300x200.jpg 300w, https:\/\/www.eckerle-gruppe.com\/wp-content\/uploads\/2023\/03\/MinisterVisitCluj004-768x512.jpg 768w, https:\/\/www.eckerle-gruppe.com\/wp-content\/uploads\/2023\/03\/MinisterVisitCluj004-1536x1024.jpg 1536w, https:\/\/www.eckerle-gruppe.com\/wp-content\/uploads\/2023\/03\/MinisterVisitCluj004.jpg 1600w\" sizes=\"auto, (max-width: 1024px) 100vw, 1024px\" \/><\/figure>\n\n\n\n<figure class=\"wp-block-image size-large\"><img loading=\"lazy\" decoding=\"async\" width=\"1024\" height=\"683\" data-id=\"7116\" src=\"https:\/\/www.eckerle-gruppe.com\/wp-content\/uploads\/2023\/03\/MinisterVisitCluj005-1024x683.jpg\" alt=\"\" class=\"wp-image-7116\" srcset=\"https:\/\/www.eckerle-gruppe.com\/wp-content\/uploads\/2023\/03\/MinisterVisitCluj005-1024x683.jpg 1024w, https:\/\/www.eckerle-gruppe.com\/wp-content\/uploads\/2023\/03\/MinisterVisitCluj005-300x200.jpg 300w, https:\/\/www.eckerle-gruppe.com\/wp-content\/uploads\/2023\/03\/MinisterVisitCluj005-768x512.jpg 768w, https:\/\/www.eckerle-gruppe.com\/wp-content\/uploads\/2023\/03\/MinisterVisitCluj005-1536x1024.jpg 1536w, https:\/\/www.eckerle-gruppe.com\/wp-content\/uploads\/2023\/03\/MinisterVisitCluj005.jpg 1600w\" sizes=\"auto, (max-width: 1024px) 100vw, 1024px\" \/><\/figure>\n<\/figure>\n\n\n\n<p>Vizita a avut loc \u00een cadrul companiei noastre, SC Eckerle Automotive SRL. Evenimentul a \u00eenceput cu o prezentare \u00een sala noastr\u0103 de \u0219edin\u021be. Oaspe\u021bii no\u0219tri au fost familiariza\u021bi cu istoricul, activit\u0103\u021bile \u0219i planurile noastre. Dup\u0103 \u00eent\u00e2lnire a urmat un tur interesant al companiei. Vizitatorii au fost foarte interesa\u021bi \u0219i impresiona\u021bi de realiz\u0103rile \u0219i obiectivele Eckerle.<\/p>\n\n\n\n<figure class=\"wp-block-gallery has-nested-images columns-default is-cropped wp-block-gallery-2 is-layout-flex wp-block-gallery-is-layout-flex\">\n<figure class=\"wp-block-image size-large\"><img loading=\"lazy\" decoding=\"async\" width=\"1024\" height=\"683\" data-id=\"7104\" src=\"https:\/\/www.eckerle-gruppe.com\/wp-content\/uploads\/2023\/03\/MinisterVisitCluj003-1024x683.jpg\" alt=\"\" class=\"wp-image-7104\" srcset=\"https:\/\/www.eckerle-gruppe.com\/wp-content\/uploads\/2023\/03\/MinisterVisitCluj003-1024x683.jpg 1024w, https:\/\/www.eckerle-gruppe.com\/wp-content\/uploads\/2023\/03\/MinisterVisitCluj003-300x200.jpg 300w, https:\/\/www.eckerle-gruppe.com\/wp-content\/uploads\/2023\/03\/MinisterVisitCluj003-768x512.jpg 768w, https:\/\/www.eckerle-gruppe.com\/wp-content\/uploads\/2023\/03\/MinisterVisitCluj003-1536x1024.jpg 1536w, https:\/\/www.eckerle-gruppe.com\/wp-content\/uploads\/2023\/03\/MinisterVisitCluj003.jpg 1600w\" sizes=\"auto, (max-width: 1024px) 100vw, 1024px\" \/><\/figure>\n\n\n\n<figure class=\"wp-block-image size-large\"><img loading=\"lazy\" decoding=\"async\" width=\"1024\" height=\"683\" data-id=\"7098\" src=\"https:\/\/www.eckerle-gruppe.com\/wp-content\/uploads\/2023\/03\/MinisterVisitCluj002-1024x683.jpg\" alt=\"\" class=\"wp-image-7098\" srcset=\"https:\/\/www.eckerle-gruppe.com\/wp-content\/uploads\/2023\/03\/MinisterVisitCluj002-1024x683.jpg 1024w, https:\/\/www.eckerle-gruppe.com\/wp-content\/uploads\/2023\/03\/MinisterVisitCluj002-300x200.jpg 300w, https:\/\/www.eckerle-gruppe.com\/wp-content\/uploads\/2023\/03\/MinisterVisitCluj002-768x512.jpg 768w, https:\/\/www.eckerle-gruppe.com\/wp-content\/uploads\/2023\/03\/MinisterVisitCluj002-1536x1024.jpg 1536w, https:\/\/www.eckerle-gruppe.com\/wp-content\/uploads\/2023\/03\/MinisterVisitCluj002.jpg 1600w\" sizes=\"auto, (max-width: 1024px) 100vw, 1024px\" \/><\/figure>\n<\/figure>\n\n\n\n<p><\/p>\n\n\n\n<p>Seara, Andrei Trombita\u0219 \u2013 Directorul General al Eckerle, a participat la discu\u021bii cu Ministrul Economiei \u0219i cu directorii companiilor din Cluj. Participan\u021bii \u0219i-au \u00eemp\u0103rt\u0103\u0219it experien\u021bele de afaceri la aceast\u0103 \u00eent\u00e2lnire \u0219i au \u00eencercat s\u0103 identifice modalit\u0103\u021bi prin care guvernul ar putea sprijini mediul afacerilor \u00een Rom\u00e2nia.<\/p>\n\n\n\n<figure class=\"wp-block-image size-full\"><img loading=\"lazy\" decoding=\"async\" width=\"1024\" height=\"768\" src=\"https:\/\/www.eckerle-gruppe.com\/wp-content\/uploads\/2023\/03\/MinisterVisitCluj007.jpeg\" alt=\"\" class=\"wp-image-7140\" srcset=\"https:\/\/www.eckerle-gruppe.com\/wp-content\/uploads\/2023\/03\/MinisterVisitCluj007.jpeg 1024w, https:\/\/www.eckerle-gruppe.com\/wp-content\/uploads\/2023\/03\/MinisterVisitCluj007-300x225.jpeg 300w, https:\/\/www.eckerle-gruppe.com\/wp-content\/uploads\/2023\/03\/MinisterVisitCluj007-768x576.jpeg 768w\" sizes=\"auto, (max-width: 1024px) 100vw, 1024px\" \/><\/figure>\n\n\n\n<p>Suntem mul\u021bumi\u021bi de acest eveniment \u0219i a\u0219tept\u0103m cu ner\u0103bdare urm\u0103ri pozitive.<\/p>\n","protected":false},"featured_media":7116,"template":"","class_list":["post-7730","press","type-press","status-publish","has-post-thumbnail","hentry"],"acf":[],"_links":{"self":[{"href":"https:\/\/www.eckerle-gruppe.com\/ro\/wp-json\/wp\/v2\/press\/7730","targetHints":{"allow":["GET"]}}],"collection":[{"href":"https:\/\/www.eckerle-gruppe.com\/ro\/wp-json\/wp\/v2\/press"}],"about":[{"href":"https:\/\/www.eckerle-gruppe.com\/ro\/wp-json\/wp\/v2\/types\/press"}],"wp:featuredmedia":[{"embeddable":true,"href":"https:\/\/www.eckerle-gruppe.com\/ro\/wp-json\/wp\/v2\/media\/7116"}],"wp:attachment":[{"href":"https:\/\/www.eckerle-gruppe.com\/ro\/wp-json\/wp\/v2\/media?parent=7730"}],"curies":[{"name":"wp","href":"https:\/\/api.w.org\/{rel}","templated":true}]}}