{"id":6007,"date":"2022-01-14T16:00:00","date_gmt":"2022-01-14T16:00:00","guid":{"rendered":"https:\/\/www.eckerle-gruppe.com\/?post_type=press&#038;p=6007"},"modified":"2022-07-08T14:20:29","modified_gmt":"2022-07-08T14:20:29","slug":"parcursul-nostru-spre-neutralitate-co2-seminarul-eckerle-go-zero","status":"publish","type":"press","link":"https:\/\/www.eckerle-gruppe.com\/ro\/press\/parcursul-nostru-spre-neutralitate-co2-seminarul-eckerle-go-zero\/","title":{"rendered":"Parcursul nostru spre neutralitate CO2 \u2013 Seminarul Eckerle Go Zero"},"content":{"rendered":"\n<p class=\"has-medium-font-size\">Grupul Eckerle Group a setat un nou obiectiv: <strong>neutralitate climatic\u0103<\/strong> p\u00e2n\u0103 \u00een anul 2025.<\/p>\n\n\n\n<p>Prin obiectivul stabilit, Grupul Eckerle dore\u0219te s\u0103 contribuie la crearea unui viitor durabil, care s\u0103 asigure o calitate ridicat\u0103 a vie\u021bii, cu preocup\u0103ri reale \u0219i constante pentru protec\u021bia mediului \u00eenconjur\u0103tor \u00een viitor. Ca parte a Grupului Prettl, Grupul Eckerle s-a al\u0103turat campaniei \u201eGo Zero\u201d pentru a stabili parcursul spre neutralitate CO\u201d. \u00cen cadrul unui seminar\/atelier intensiv de dou\u0103 s\u0103pt\u0103m\u00e2ni cu tema Go Zero, s-au definit 5 proiecte de optimizare (iluminat, aer comprimat, \u00eenc\u0103lzire\/climatizare, procese de produc\u021bie, subiecte specifice fabricii) a c\u0103ror implementare va reprezenta un mare pas \u00eenspre neutralitatea climatic\u0103. \u00cen cadrul proiectelor de optimizare, participan\u021bilor li s-a prezentat imaginea de ansamblu a situa\u021biei actuale din Ottersweier, \u00een prima s\u0103pt\u0103m\u00e2n\u0103 a atelierului. Prezentarea imaginii de ansamblu a fost necesar\u0103 \u00een conturarea primelor idei privind posibilele ac\u021biuni necesare. Pe parcursul celei de-a doua s\u0103pt\u0103m\u00e2ni, ac\u021biunilor respective li s-au alocat urm\u0103torii indicatori cheie: reducerea anual\u0103 a emisiilor de CO2, economisirea anual\u0103 a energiei, investi\u021bii \u00een vederea prioritiz\u0103rii m\u0103surilor necesare. Cu ajutorul cifrelor cheie s-a \u00eentocmit un plan de ac\u021biune pentru fiecare proiect de optimizare, \u00een care sunt precizate \u0219i cuantificate m\u0103surile individuale. Cu ajutorul echipei noastre Go Zero, ne propunem s\u0103 transform\u0103m acest plan \u00een realitate \u0219i s\u0103 \u00eel urm\u0103m la cel mai \u00eenalt nivel de angajament.<\/p>\n\n\n\n<p>Pentru mai multe informa\u021bii pe tema \u201cParcursul spre neutralitate CO2 la Eckerle\u201d, v\u0103 rug\u0103m s\u0103 \u00eel contacta\u021bi pe ofi\u021berul responsabil de sustenabilitate \u0219i managementul mediului Elena-Iulia Huzu:<\/p>\n\n\n\n<p><strong>Elena-Iulia Huzu<\/strong><\/p>\n\n\n\n<p>Eckerle Automotive GmbH<\/p>\n\n\n\n<p>Phone: +36.30.716.0980<\/p>\n\n\n\n<p>E-Mail: <a href=\"mailto:Dominik.Lindt@de.eckerle-gruppe.com\"><a href=\"mailto:Elena-Iulia.Huzu@hu.eckerle-gruppe.com\">Elena-Iulia.Huzu@hu.eckerle-gruppe.com<\/a><\/a><\/p>\n","protected":false},"featured_media":5946,"template":"","class_list":["post-6007","press","type-press","status-publish","has-post-thumbnail","hentry"],"acf":[],"_links":{"self":[{"href":"https:\/\/www.eckerle-gruppe.com\/ro\/wp-json\/wp\/v2\/press\/6007","targetHints":{"allow":["GET"]}}],"collection":[{"href":"https:\/\/www.eckerle-gruppe.com\/ro\/wp-json\/wp\/v2\/press"}],"about":[{"href":"https:\/\/www.eckerle-gruppe.com\/ro\/wp-json\/wp\/v2\/types\/press"}],"wp:featuredmedia":[{"embeddable":true,"href":"https:\/\/www.eckerle-gruppe.com\/ro\/wp-json\/wp\/v2\/media\/5946"}],"wp:attachment":[{"href":"https:\/\/www.eckerle-gruppe.com\/ro\/wp-json\/wp\/v2\/media?parent=6007"}],"curies":[{"name":"wp","href":"https:\/\/api.w.org\/{rel}","templated":true}]}}