{"id":5561,"date":"2021-11-03T21:11:15","date_gmt":"2021-11-03T21:11:15","guid":{"rendered":"https:\/\/www.eckerle-gruppe.com\/?post_type=press&#038;p=5561"},"modified":"2021-11-09T10:22:14","modified_gmt":"2021-11-09T10:22:14","slug":"angajatii-cu-dizabilitati-eckerle-automotive-romania","status":"publish","type":"press","link":"https:\/\/www.eckerle-gruppe.com\/ro\/press\/angajatii-cu-dizabilitati-eckerle-automotive-romania\/","title":{"rendered":"Angaja\u0163ii cu dizabilit\u0103\u0163i- Eckerle Automotive Romania"},"content":{"rendered":"\n<p>La fabrica noastr\u0103 din Cluj-Napoca, \u00een acest moment avem ocazia s\u0103 lucr\u0103m cu 61 de persoane cu dizabilit\u0103\u0163i, care ne arat\u0103 zilnic c\u00e2t de muncitori \u015fi perseveren\u0163i sunt, dar acest lucru nu este o noutate pentru noi&#8230;<\/p>\n\n\n\n<p><strong><em>Angaja\u0163ii cu dizabilit\u0103\u0163i fac parte din familia Eckerle!<\/em><\/strong><\/p>\n\n\n\n<p><strong><em>Credem in egalitate \u015fi diversitate.<\/em><\/strong><\/p>\n\n\n\n<p><strong><em>Toat\u0103 lumea este tratat\u0103 cu respect \u015fi prietenie \u00een comunitatea noastr\u0103!<\/em><\/strong><\/p>\n\n\n\n<p>Ei i\u015fi dep\u0103\u015fesc limitele \u015fi noi suntem mereu al\u0103turi de ei. \u00cen ciuda dizabilit\u0103\u021bilor lor, angaja\u021bii no\u0219tri manifest\u0103 \u00eentotdeauna profesionalism \u0219i perseveren\u021b\u0103.<\/p>\n\n\n\n<p>Din perioada de \u0219colarizare, ace\u015ftia se remarc\u0103 datorit\u0103 calit\u0103\u021bii opera\u021biunilor pe care le efectueaz\u0103 \u0219i r\u0103m\u00e2n la fel de motiva\u0163i chiar \u0219i dup\u0103 finalizarea acesteia. Cu ajutorul \u0219i \u00een\u021belegerea celor din jur, ace\u0219tia se dovedesc a fi angaja\u021bi de n\u0103dejde care nu dezam\u0103gesc.<\/p>\n\n\n\n<p>Deoarece credem \u00een fiecare angajat, am ajutat ace\u0219ti colegi \u00een 2018 s\u0103 ob\u021bin\u0103 un record pentru comunitatea lor, \u0219i anume \u201ecel mai mare num\u0103r de angaja\u021bi cu deficien\u021be de auz \u00eentr-o companie din Rom\u00e2nia\u201c (92 de angaja\u021bi).<\/p>\n\n\n\n<p><strong>Cum a \u00eenceput totul&#8230;<\/strong><\/p>\n\n\n\n<p>\u00cen 2010, Costel Apastinei a venit la Eckerle la recomandarea funda\u021biei \u201eMotivation\u201d. Dup\u0103 o vreme, pl\u0103c\u00e2ndu-i mediul de lucru \u0219i echipa, a decis s\u0103-\u0219i cheme fratele \u0219i c\u00e2\u021biva prieteni apropia\u021bi pentru a se al\u0103tura companiei. Fiind vicepre\u0219edinte (2013-2018) \u0219i pre\u0219edinte (2018-2020) al Asocia\u021biei Tinerilor Surzi din Rom\u00e2nia, Costel a \u00eencurajat \u00eentotdeauna persoanele cu dizabilit\u0103\u021bi s\u0103 se al\u0103ture colectivului nostru prin videoclipuri postate pe re\u021belele sale de socializare.<\/p>\n\n\n\n<p>De-a lungul timpului, prin videoclipurile postate \u0219i munca cu Asocia\u021bia, Costel a reu\u0219it s\u0103 adune o adev\u0103rat\u0103 comunitate \u00een cadrul Eckerle care dep\u0103\u0219e\u0219te media na\u021bional\u0103 de 20 &#8211; 40 de persoane cu dizabilit\u0103\u021bi \u00eentr-o companie.<\/p>\n\n\n\n<p>Costel vrea ca un num\u0103r cat mai mare de oameni din comunitatea sa s\u0103 ni se al\u0103ture \u0219i cu ajutorul Eckerle sper\u0103 s\u0103-\u0219i dep\u0103\u0219easc\u0103 propriul record stabilit \u00een 2018.<\/p>\n\n\n\n<p><strong>\u00cen prezent&#8230;<\/strong><\/p>\n\n\n\n<p>\u00cen prezent, 61 de persoane cu deficien\u021be de auz lucreaz\u0103 \u00een Eckerle, dintre care 57 de angaja\u021bi direc\u021bi \u0219i 4 angaja\u021bi indirec\u021bi \u00een fabric\u0103.<\/p>\n\n\n\n<p>Angaja\u021bi direc\u021bi:<\/p>\n\n\n\n<ul class=\"wp-block-list\"><li>35 &#8211; asamblare manual\u0103;<\/li><li>6 &#8211; operatori linie automat\u0103 de produc\u021bie (inspec\u021bie vizual\u0103);<\/li><li>7 &#8211; operatori ma\u015fini t\u0103iere;&nbsp;<\/li><li>9 &#8211; reglori.<\/li><\/ul>\n\n\n\n<p>Angaja\u021bi indirec\u021bi:&nbsp;<\/p>\n\n\n\n<ul class=\"wp-block-list\"><li>4 \u2013 transportatori de materii prime<\/li><\/ul>\n\n\n\n<p>Dar pentru noi, ei sunt mai mult dec\u00e2t ni\u015fte simpli angaja\u0163i.<\/p>\n\n\n\n<p>Sunt sportivi acerbi \u0219i adev\u0103ra\u021bi juc\u0103tori \u00een echip\u0103.<\/p>\n\n\n\n<p>Prieteni buni pe care ne putem baza.<\/p>\n\n\n\n<p>\u0218i multe alte lucruri&#8230;&nbsp;<\/p>\n\n\n\n<p><strong>Dar cel mai important: Au fost, sunt \u0219i vor fi \u00eentotdeauna parte din familia Eckerle! \u0218i vor fi \u00eentotdeauna bineveni\u0163i la noi!<\/strong><\/p>\n\n\n\n<figure class=\"wp-block-gallery columns-3 is-cropped wp-block-gallery-1 is-layout-flex wp-block-gallery-is-layout-flex\"><ul class=\"blocks-gallery-grid\"><li class=\"blocks-gallery-item\"><figure><img loading=\"lazy\" decoding=\"async\" width=\"858\" height=\"461\" src=\"https:\/\/www.eckerle-gruppe.com\/wp-content\/uploads\/2021\/11\/Picture7.jpg\" alt=\"\" data-id=\"5604\" data-full-url=\"https:\/\/www.eckerle-gruppe.com\/wp-content\/uploads\/2021\/11\/Picture7.jpg\" data-link=\"https:\/\/www.eckerle-gruppe.com\/ro\/press\/angajatii-cu-dizabilitati-eckerle-automotive-romania\/picture7-2\/\" class=\"wp-image-5604\" srcset=\"https:\/\/www.eckerle-gruppe.com\/wp-content\/uploads\/2021\/11\/Picture7.jpg 858w, https:\/\/www.eckerle-gruppe.com\/wp-content\/uploads\/2021\/11\/Picture7-300x161.jpg 300w, https:\/\/www.eckerle-gruppe.com\/wp-content\/uploads\/2021\/11\/Picture7-768x413.jpg 768w\" sizes=\"auto, (max-width: 858px) 100vw, 858px\" \/><\/figure><\/li><li class=\"blocks-gallery-item\"><figure><img loading=\"lazy\" decoding=\"async\" width=\"858\" height=\"565\" src=\"https:\/\/www.eckerle-gruppe.com\/wp-content\/uploads\/2021\/11\/Picture8.jpg\" alt=\"\" data-id=\"5598\" data-full-url=\"https:\/\/www.eckerle-gruppe.com\/wp-content\/uploads\/2021\/11\/Picture8.jpg\" data-link=\"https:\/\/www.eckerle-gruppe.com\/ro\/press\/angajatii-cu-dizabilitati-eckerle-automotive-romania\/picture8-2\/\" class=\"wp-image-5598\" srcset=\"https:\/\/www.eckerle-gruppe.com\/wp-content\/uploads\/2021\/11\/Picture8.jpg 858w, https:\/\/www.eckerle-gruppe.com\/wp-content\/uploads\/2021\/11\/Picture8-300x198.jpg 300w, https:\/\/www.eckerle-gruppe.com\/wp-content\/uploads\/2021\/11\/Picture8-768x506.jpg 768w\" sizes=\"auto, (max-width: 858px) 100vw, 858px\" \/><\/figure><\/li><li class=\"blocks-gallery-item\"><figure><img loading=\"lazy\" decoding=\"async\" width=\"832\" height=\"568\" src=\"https:\/\/www.eckerle-gruppe.com\/wp-content\/uploads\/2021\/11\/Picture9.jpg\" alt=\"\" data-id=\"5592\" data-full-url=\"https:\/\/www.eckerle-gruppe.com\/wp-content\/uploads\/2021\/11\/Picture9.jpg\" data-link=\"https:\/\/www.eckerle-gruppe.com\/ro\/press\/angajatii-cu-dizabilitati-eckerle-automotive-romania\/picture9-2\/\" class=\"wp-image-5592\" srcset=\"https:\/\/www.eckerle-gruppe.com\/wp-content\/uploads\/2021\/11\/Picture9.jpg 832w, https:\/\/www.eckerle-gruppe.com\/wp-content\/uploads\/2021\/11\/Picture9-300x205.jpg 300w, https:\/\/www.eckerle-gruppe.com\/wp-content\/uploads\/2021\/11\/Picture9-768x524.jpg 768w\" sizes=\"auto, (max-width: 832px) 100vw, 832px\" \/><\/figure><\/li><li class=\"blocks-gallery-item\"><figure><img loading=\"lazy\" decoding=\"async\" width=\"832\" height=\"466\" src=\"https:\/\/www.eckerle-gruppe.com\/wp-content\/uploads\/2021\/11\/Picture10.jpg\" alt=\"\" data-id=\"5586\" data-full-url=\"https:\/\/www.eckerle-gruppe.com\/wp-content\/uploads\/2021\/11\/Picture10.jpg\" data-link=\"https:\/\/www.eckerle-gruppe.com\/ro\/press\/angajatii-cu-dizabilitati-eckerle-automotive-romania\/picture10-2\/\" class=\"wp-image-5586\" srcset=\"https:\/\/www.eckerle-gruppe.com\/wp-content\/uploads\/2021\/11\/Picture10.jpg 832w, https:\/\/www.eckerle-gruppe.com\/wp-content\/uploads\/2021\/11\/Picture10-300x168.jpg 300w, https:\/\/www.eckerle-gruppe.com\/wp-content\/uploads\/2021\/11\/Picture10-768x430.jpg 768w\" sizes=\"auto, (max-width: 832px) 100vw, 832px\" \/><\/figure><\/li><li class=\"blocks-gallery-item\"><figure><img loading=\"lazy\" decoding=\"async\" width=\"915\" height=\"623\" src=\"https:\/\/www.eckerle-gruppe.com\/wp-content\/uploads\/2021\/11\/Picture1.jpg\" alt=\"\" data-id=\"5580\" data-full-url=\"https:\/\/www.eckerle-gruppe.com\/wp-content\/uploads\/2021\/11\/Picture1.jpg\" data-link=\"https:\/\/www.eckerle-gruppe.com\/ro\/press\/angajatii-cu-dizabilitati-eckerle-automotive-romania\/picture1-2\/\" class=\"wp-image-5580\" srcset=\"https:\/\/www.eckerle-gruppe.com\/wp-content\/uploads\/2021\/11\/Picture1.jpg 915w, https:\/\/www.eckerle-gruppe.com\/wp-content\/uploads\/2021\/11\/Picture1-300x204.jpg 300w, https:\/\/www.eckerle-gruppe.com\/wp-content\/uploads\/2021\/11\/Picture1-768x523.jpg 768w\" sizes=\"auto, (max-width: 915px) 100vw, 915px\" \/><\/figure><\/li><li class=\"blocks-gallery-item\"><figure><img loading=\"lazy\" decoding=\"async\" width=\"1017\" height=\"627\" src=\"https:\/\/www.eckerle-gruppe.com\/wp-content\/uploads\/2021\/11\/Picture2.jpg\" alt=\"\" data-id=\"5574\" data-full-url=\"https:\/\/www.eckerle-gruppe.com\/wp-content\/uploads\/2021\/11\/Picture2.jpg\" data-link=\"https:\/\/www.eckerle-gruppe.com\/ro\/press\/angajatii-cu-dizabilitati-eckerle-automotive-romania\/picture2-2\/\" class=\"wp-image-5574\" srcset=\"https:\/\/www.eckerle-gruppe.com\/wp-content\/uploads\/2021\/11\/Picture2.jpg 1017w, https:\/\/www.eckerle-gruppe.com\/wp-content\/uploads\/2021\/11\/Picture2-300x185.jpg 300w, https:\/\/www.eckerle-gruppe.com\/wp-content\/uploads\/2021\/11\/Picture2-768x473.jpg 768w\" sizes=\"auto, (max-width: 1017px) 100vw, 1017px\" \/><\/figure><\/li><\/ul><\/figure>\n","protected":false},"featured_media":5632,"template":"","class_list":["post-5561","press","type-press","status-publish","has-post-thumbnail","hentry"],"acf":[],"_links":{"self":[{"href":"https:\/\/www.eckerle-gruppe.com\/ro\/wp-json\/wp\/v2\/press\/5561","targetHints":{"allow":["GET"]}}],"collection":[{"href":"https:\/\/www.eckerle-gruppe.com\/ro\/wp-json\/wp\/v2\/press"}],"about":[{"href":"https:\/\/www.eckerle-gruppe.com\/ro\/wp-json\/wp\/v2\/types\/press"}],"wp:featuredmedia":[{"embeddable":true,"href":"https:\/\/www.eckerle-gruppe.com\/ro\/wp-json\/wp\/v2\/media\/5632"}],"wp:attachment":[{"href":"https:\/\/www.eckerle-gruppe.com\/ro\/wp-json\/wp\/v2\/media?parent=5561"}],"curies":[{"name":"wp","href":"https:\/\/api.w.org\/{rel}","templated":true}]}}